{"id":1497,"date":"2021-06-30T13:59:57","date_gmt":"2021-06-30T11:59:57","guid":{"rendered":"http:\/\/www.blog.brozinski.de\/?p=1497"},"modified":"2021-06-30T13:59:57","modified_gmt":"2021-06-30T11:59:57","slug":"waertsilae-signs-second-renewal-of-maintenance-agreement-with-rederi-ab-eckeroe","status":"publish","type":"post","link":"http:\/\/www.blog.brozinski.de\/?p=1497","title":{"rendered":"W\u00e4rtsil\u00e4 signs second renewal of Maintenance Agreement with Rederi Ab Ecker\u00f6"},"content":{"rendered":"<p>Press Release \u2013 The technology group W\u00e4rtsil\u00e4 has renewed for the second time its Optimised Maintenance agreement with the \u00c5land Islands based shipping group Rederi Ab Ecker\u00f6. Under the terms&#8230;<\/p>\n","protected":false},"excerpt":{"rendered":"<p>Press Release \u2013 The technology group W\u00e4rtsil\u00e4 has renewed for the second time its Optimised Maintenance agreement with the \u00c5land Islands based shipping group Rederi Ab Ecker\u00f6. Under the terms&#8230;<\/p>\n","protected":false},"author":0,"featured_media":0,"comment_status":"closed","ping_status":"open","sticky":false,"template":"","format":"standard","meta":{"neve_meta_sidebar":"","neve_meta_container":"","neve_meta_enable_content_width":"","neve_meta_content_width":0,"neve_meta_title_alignment":"","neve_meta_author_avatar":"","neve_post_elements_order":"","neve_meta_disable_header":"","neve_meta_disable_footer":"","neve_meta_disable_title":""},"categories":[3],"tags":[],"_links":{"self":[{"href":"http:\/\/www.blog.brozinski.de\/index.php?rest_route=\/wp\/v2\/posts\/1497"}],"collection":[{"href":"http:\/\/www.blog.brozinski.de\/index.php?rest_route=\/wp\/v2\/posts"}],"about":[{"href":"http:\/\/www.blog.brozinski.de\/index.php?rest_route=\/wp\/v2\/types\/post"}],"replies":[{"embeddable":true,"href":"http:\/\/www.blog.brozinski.de\/index.php?rest_route=%2Fwp%2Fv2%2Fcomments&post=1497"}],"version-history":[{"count":0,"href":"http:\/\/www.blog.brozinski.de\/index.php?rest_route=\/wp\/v2\/posts\/1497\/revisions"}],"wp:attachment":[{"href":"http:\/\/www.blog.brozinski.de\/index.php?rest_route=%2Fwp%2Fv2%2Fmedia&parent=1497"}],"wp:term":[{"taxonomy":"category","embeddable":true,"href":"http:\/\/www.blog.brozinski.de\/index.php?rest_route=%2Fwp%2Fv2%2Fcategories&post=1497"},{"taxonomy":"post_tag","embeddable":true,"href":"http:\/\/www.blog.brozinski.de\/index.php?rest_route=%2Fwp%2Fv2%2Ftags&post=1497"}],"curies":[{"name":"wp","href":"https:\/\/api.w.org\/{rel}","templated":true}]}}